{"id":178,"date":"2022-06-30T17:11:31","date_gmt":"2022-06-30T15:11:31","guid":{"rendered":"https:\/\/www.dr-idelmann.com\/es\/?p=178"},"modified":"2022-06-30T17:14:00","modified_gmt":"2022-06-30T15:14:00","slug":"concluye-con-exito-el-xxxvi-congreso-de-la-asociacion-hispano-alemana-de-juristas-en-heidelberg","status":"publish","type":"post","link":"https:\/\/www.dr-idelmann.com\/es\/concluye-con-exito-el-xxxvi-congreso-de-la-asociacion-hispano-alemana-de-juristas-en-heidelberg\/","title":{"rendered":"Concluye con \u00e9xito el XXXVI Congreso de la Asociaci\u00f3n Hispano-Alemana de Juristas en Heidelberg"},"content":{"rendered":"<p><a href=\"https:\/\/www.dr-idelmann.com\/de\/wp-content\/uploads\/sites\/2\/2022\/05\/congreso-heidelberg-2022.jpg\"><img loading=\"lazy\" decoding=\"async\" src=\"https:\/\/www.dr-idelmann.com\/de\/wp-content\/uploads\/sites\/2\/2022\/05\/congreso-heidelberg-2022-300x256.jpg\" alt=\"\" width=\"300\" height=\"256\" class=\"alignnone size-medium wp-image-602\" \/><\/a><\/p>\n<p>Este a\u00f1o, el 36\u00ba Congreso Anual de la Asociaci\u00f3n Hispano-Alemana de Juristas tuvo lugar en Heidelberg del 16 al 18 de junio de 2022.<\/p>\n<p>La ciudad de Heidelberg, un lugar maravilloso y tambi\u00e9n la sede de la fundaci\u00f3n universitaria m\u00e1s antigua de la Alemania moderna, se present\u00f3 con el mejor tiempo del verano.<\/p>\n<p>Una vez m\u00e1s, un evento de alto nivel organizado por la Asociaci\u00f3n Hispano-Alemana con un centenar de participantes de Alemania, Espa\u00f1a y otros pa\u00edses europeos, entre ellos el abogado de D\u00fcsseldorf Dr. Idelmann.<\/p>\n<p>Ponentes de alto nivel procedentes de universidades, tribunales alemanes y espa\u00f1oles y de la profesi\u00f3n de abogado informaron sobre temas como la protecci\u00f3n de la minor\u00eda en las empresas alemanas y espa\u00f1olas, asuntos familiares y sucesorios transfronterizos, normas de cumplimiento en el derecho laboral y obligaciones de notificaci\u00f3n en los acuerdos fiscales transfronterizos.<\/p>\n<p>Esto gener\u00f3 debates emocionantes e interesantes con el p\u00fablico experto, algunos de los cuales continuaron m\u00e1s tarde, en eventos informales nocturnos con buena comida y bebidas.<\/p>\n<p>En resumen, Heidelberg mereci\u00f3 realmente la pena el viaje en m\u00e1s de un sentido. <\/p>\n<p>Ya estamos esperando el pr\u00f3ximo congreso anual de la Asociaci\u00f3n Hispano-Alemana de Abogados en 2023, que tendr\u00e1 lugar en Valencia.<\/p>\n","protected":false},"excerpt":{"rendered":"<p>Este a\u00f1o, el 36\u00ba Congreso Anual de la Asociaci\u00f3n Hispano-Alemana de Juristas tuvo lugar en Heidelberg del 16 al 18 de junio de 2022. La ciudad de Heidelberg, un lugar maravilloso y tambi\u00e9n la sede de la fundaci\u00f3n universitaria m\u00e1s antigua de la Alemania moderna, se present\u00f3 con el mejor tiempo del verano. Una vez [&hellip;]<\/p>\n","protected":false},"author":2,"featured_media":0,"comment_status":"open","ping_status":"open","sticky":false,"template":"","format":"standard","meta":{"_acf_changed":false,"footnotes":""},"categories":[1],"tags":[],"class_list":["post-178","post","type-post","status-publish","format-standard","hentry","category-allgemein"],"acf":[],"aioseo_notices":[],"_links":{"self":[{"href":"https:\/\/www.dr-idelmann.com\/es\/wp-json\/wp\/v2\/posts\/178","targetHints":{"allow":["GET"]}}],"collection":[{"href":"https:\/\/www.dr-idelmann.com\/es\/wp-json\/wp\/v2\/posts"}],"about":[{"href":"https:\/\/www.dr-idelmann.com\/es\/wp-json\/wp\/v2\/types\/post"}],"author":[{"embeddable":true,"href":"https:\/\/www.dr-idelmann.com\/es\/wp-json\/wp\/v2\/users\/2"}],"replies":[{"embeddable":true,"href":"https:\/\/www.dr-idelmann.com\/es\/wp-json\/wp\/v2\/comments?post=178"}],"version-history":[{"count":2,"href":"https:\/\/www.dr-idelmann.com\/es\/wp-json\/wp\/v2\/posts\/178\/revisions"}],"predecessor-version":[{"id":181,"href":"https:\/\/www.dr-idelmann.com\/es\/wp-json\/wp\/v2\/posts\/178\/revisions\/181"}],"wp:attachment":[{"href":"https:\/\/www.dr-idelmann.com\/es\/wp-json\/wp\/v2\/media?parent=178"}],"wp:term":[{"taxonomy":"category","embeddable":true,"href":"https:\/\/www.dr-idelmann.com\/es\/wp-json\/wp\/v2\/categories?post=178"},{"taxonomy":"post_tag","embeddable":true,"href":"https:\/\/www.dr-idelmann.com\/es\/wp-json\/wp\/v2\/tags?post=178"}],"curies":[{"name":"wp","href":"https:\/\/api.w.org\/{rel}","templated":true}]}}