{"id":895,"date":"2025-12-08T22:59:25","date_gmt":"2025-12-08T21:59:25","guid":{"rendered":"https:\/\/www.dr-idelmann.com\/de\/?p=895"},"modified":"2025-12-08T22:59:25","modified_gmt":"2025-12-08T21:59:25","slug":"rechtsanwalt-dr-idelmann-zum-gutachter-fuer-die-evaluierung-eines-neuen-deutsch-spanischen-doppelstudiums-an-den-universitaeten-muenster-und-granada-berufen","status":"publish","type":"post","link":"https:\/\/www.dr-idelmann.com\/de\/rechtsanwalt-dr-idelmann-zum-gutachter-fuer-die-evaluierung-eines-neuen-deutsch-spanischen-doppelstudiums-an-den-universitaeten-muenster-und-granada-berufen\/","title":{"rendered":"Rechtsanwalt Dr. Idelmann zum Gutachter f\u00fcr die Evaluierung eines neuen deutsch-spanischen Doppelstudiums an den Universit\u00e4ten M\u00fcnster und Granada berufen"},"content":{"rendered":"<p><a href=\"https:\/\/www.dr-idelmann.com\/de\/wp-content\/uploads\/sites\/2\/2025\/12\/deutsch-spanischer-doppelstudiengang-muenster-granada-geplant-rechtswissenschaftliche-fakultaet-wwu-muenster.png\"><img loading=\"lazy\" decoding=\"async\" src=\"https:\/\/www.dr-idelmann.com\/de\/wp-content\/uploads\/sites\/2\/2025\/12\/deutsch-spanischer-doppelstudiengang-muenster-granada-geplant-rechtswissenschaftliche-fakultaet-wwu-muenster-300x230.png\" alt=\"\" width=\"300\" height=\"230\" class=\"alignnone size-medium wp-image-896\" srcset=\"https:\/\/www.dr-idelmann.com\/de\/wp-content\/uploads\/sites\/2\/2025\/12\/deutsch-spanischer-doppelstudiengang-muenster-granada-geplant-rechtswissenschaftliche-fakultaet-wwu-muenster-300x230.png 300w, https:\/\/www.dr-idelmann.com\/de\/wp-content\/uploads\/sites\/2\/2025\/12\/deutsch-spanischer-doppelstudiengang-muenster-granada-geplant-rechtswissenschaftliche-fakultaet-wwu-muenster-1024x783.png 1024w, https:\/\/www.dr-idelmann.com\/de\/wp-content\/uploads\/sites\/2\/2025\/12\/deutsch-spanischer-doppelstudiengang-muenster-granada-geplant-rechtswissenschaftliche-fakultaet-wwu-muenster-768x588.png 768w, https:\/\/www.dr-idelmann.com\/de\/wp-content\/uploads\/sites\/2\/2025\/12\/deutsch-spanischer-doppelstudiengang-muenster-granada-geplant-rechtswissenschaftliche-fakultaet-wwu-muenster-1536x1175.png 1536w, https:\/\/www.dr-idelmann.com\/de\/wp-content\/uploads\/sites\/2\/2025\/12\/deutsch-spanischer-doppelstudiengang-muenster-granada-geplant-rechtswissenschaftliche-fakultaet-wwu-muenster.png 1920w\" sizes=\"auto, (max-width: 300px) 100vw, 300px\" \/><\/a><\/p>\n<p>Neues BACHELOR-DOPPELSTUDIUM DEUTSCH-SPANISCHES RECHT (L.L.B.\/ Grado en derecho) an den Universit\u00e4ten M\u00dcNSTER und GRANADA geplant<\/p>\n<p>\u00dcber die Berufung in einen hochkar\u00e4tig besetzten Gutachterausschuss zur Evaluierung des Studienkonzepts des deutsch-spanischen Bachelor-Doppelstudiengangs in M\u00fcnster und Granada Anfang des Jahres 2025 hatte ich mich sehr gefreut.<\/p>\n<p>Dieser Gutachterausschuss wurde nach dem Durchlaufen eines bundesweiten Auswahlverfahrens mit zwei Universit\u00e4tsprofessoren, einem Studierendenvertreter, und mit mir als Vertreter der anwaltlichen Berufspraxis besetzt.<\/p>\n<p>Gegenstand der Begutachtung war das von der Universit\u00e4t M\u00fcnster und der Universidad de Granada gemeinsam entwickelte Konzept der Einrichtung eines deutsch-spanischen Bachelor-Doppelstudiengangs zum Wintersemester 2026\/ 2027.<\/p>\n<p>Dieser neue Studiengang ist in Deutschland einzigartig. <\/p>\n<p>Die Studierenden aus Deutschland und Spanien studieren \u00fcber acht Semester durchg\u00e4ngig gemeinsam sowohl in M\u00fcnster wie auch in Granada.<\/p>\n<p>Naturgem\u00e4\u00df wird der neue Studiengang nur Bewerbern offenstehen, die \u00fcber eine hohe Leistungsbereitschaft verf\u00fcgen und solide Kenntnisse der deutschen und spanischen Sprache aufweisen.<\/p>\n<p>Zudem ist eine hohe geographische Mobilit\u00e4t von den Studenten gefordert. Das erste Studienjahr verbringen die Studierenden in Granada, das zweite und dritte Studienjahr in M\u00fcnster, und das vierte Studienjahr wiederum in Granada.<\/p>\n<p>Vorgesehen ist, jedes Jahr etwa 20 bis 30 Studierende zum Studiengang zuzulassen, je zur H\u00e4lfte aus Deutschland und aus Spanien.<\/p>\n<p>Nach erfolgreichem Abschluss des achtsemestrigen Studiengangs erwerben die Absolventen zwei Studienabschl\u00fcsse, den deutschen Bachelor of Laws (L.L.B.) und den spanischen Grado en derecho.<\/p>\n<p>Neben der wissenschaftlichen Wissenvermittlung und der F\u00e4higkeit, die Strukturen des deutschen und spanischen Rechts zu verstehen und auf konkrete F\u00e4lle anzuwenden, bietet dieser Studiengang einen reichhaltigen kulturellen Austausch. Als weitere Zugabe wird eine einzigartige Lebenserfahrung geboten, mit Studien in zwei attraktiven aber doch sehr unterschiedlichen Universit\u00e4tsst\u00e4dten &#8211; im westf\u00e4lischen M\u00fcnsterland und in der Sierra Nevada Andalusiens.<\/p>\n<p>Die Pr\u00fcfungsordnungen in Deutschland und Spanien sehen vor, dass diese Bachelor-Absolventen anschlie\u00dfend auch die juristischen Staatsexamina (Deutschland) bzw. den Master-Abschluss (Master en derecho\/ Spanien) erwerben k\u00f6nnen.<\/p>\n<p>Damit er\u00f6ffnen sich den Absolventen exzellente Berufsaussichten im internationalen Umfeld, unabh\u00e4ngig davon, ob sie sich als Absolventen des deutsch-spanischen Bachelor-Doppelstudiums oder zus\u00e4tzlich mit den weiterf\u00fchrenden Abschl\u00fcssen Staatsexamina\/ Master en derecho bewerben.<\/p>\n<p>Eine ausf\u00fchrliche zweisprachige Darstellung des neuen deutsch-spanischen Bachelorstudiengangs wird im Jahr 2026, voraussichtlich in der juristischen Fachzeitschrift Informaciones, herausgegeben von der Deutsch-Spanische Juristenvereinigung e.V. Asociaci\u00f3n Hispano-Alemana de Juristas, erscheinen.<\/p>\n","protected":false},"excerpt":{"rendered":"<p>Neues BACHELOR-DOPPELSTUDIUM DEUTSCH-SPANISCHES RECHT (L.L.B.\/ Grado en derecho) an den Universit\u00e4ten M\u00dcNSTER und GRANADA geplant \u00dcber die Berufung in einen hochkar\u00e4tig besetzten Gutachterausschuss zur Evaluierung des Studienkonzepts des deutsch-spanischen Bachelor-Doppelstudiengangs in M\u00fcnster und Granada Anfang des Jahres 2025 hatte ich mich sehr gefreut. Dieser Gutachterausschuss wurde nach dem Durchlaufen eines bundesweiten Auswahlverfahrens mit zwei Universit\u00e4tsprofessoren, [&hellip;]<\/p>\n","protected":false},"author":2,"featured_media":0,"comment_status":"open","ping_status":"open","sticky":false,"template":"","format":"standard","meta":{"_acf_changed":false,"footnotes":""},"categories":[1],"tags":[],"class_list":["post-895","post","type-post","status-publish","format-standard","hentry","category-allgemein"],"acf":[],"aioseo_notices":[],"_links":{"self":[{"href":"https:\/\/www.dr-idelmann.com\/de\/wp-json\/wp\/v2\/posts\/895","targetHints":{"allow":["GET"]}}],"collection":[{"href":"https:\/\/www.dr-idelmann.com\/de\/wp-json\/wp\/v2\/posts"}],"about":[{"href":"https:\/\/www.dr-idelmann.com\/de\/wp-json\/wp\/v2\/types\/post"}],"author":[{"embeddable":true,"href":"https:\/\/www.dr-idelmann.com\/de\/wp-json\/wp\/v2\/users\/2"}],"replies":[{"embeddable":true,"href":"https:\/\/www.dr-idelmann.com\/de\/wp-json\/wp\/v2\/comments?post=895"}],"version-history":[{"count":1,"href":"https:\/\/www.dr-idelmann.com\/de\/wp-json\/wp\/v2\/posts\/895\/revisions"}],"predecessor-version":[{"id":897,"href":"https:\/\/www.dr-idelmann.com\/de\/wp-json\/wp\/v2\/posts\/895\/revisions\/897"}],"wp:attachment":[{"href":"https:\/\/www.dr-idelmann.com\/de\/wp-json\/wp\/v2\/media?parent=895"}],"wp:term":[{"taxonomy":"category","embeddable":true,"href":"https:\/\/www.dr-idelmann.com\/de\/wp-json\/wp\/v2\/categories?post=895"},{"taxonomy":"post_tag","embeddable":true,"href":"https:\/\/www.dr-idelmann.com\/de\/wp-json\/wp\/v2\/tags?post=895"}],"curies":[{"name":"wp","href":"https:\/\/api.w.org\/{rel}","templated":true}]}}