{"id":795,"date":"2024-06-09T15:06:40","date_gmt":"2024-06-09T13:06:40","guid":{"rendered":"https:\/\/www.dr-idelmann.com\/de\/?p=795"},"modified":"2024-07-07T19:03:44","modified_gmt":"2024-07-07T17:03:44","slug":"40-jaehriger-jubilaeumskongress-der-deutsch-spanischen-juristenvereinigung-in-schwaebisch-gmuend","status":"publish","type":"post","link":"https:\/\/www.dr-idelmann.com\/de\/40-jaehriger-jubilaeumskongress-der-deutsch-spanischen-juristenvereinigung-in-schwaebisch-gmuend\/","title":{"rendered":"40-j\u00e4hriger Jubil\u00e4umskongress der Deutsch-Spanischen Juristenvereinigung in Schw\u00e4bisch Gm\u00fcnd"},"content":{"rendered":"<p><a href=\"https:\/\/www.dr-idelmann.com\/de\/wp-content\/uploads\/sites\/2\/2024\/06\/kongress-schwaebisch-gmuend.jpg\"><img loading=\"lazy\" decoding=\"async\" src=\"https:\/\/www.dr-idelmann.com\/de\/wp-content\/uploads\/sites\/2\/2024\/06\/kongress-schwaebisch-gmuend-300x139.jpg\" alt=\"\" width=\"300\" height=\"139\" class=\"alignnone size-medium wp-image-796\" srcset=\"https:\/\/www.dr-idelmann.com\/de\/wp-content\/uploads\/sites\/2\/2024\/06\/kongress-schwaebisch-gmuend-300x139.jpg 300w, https:\/\/www.dr-idelmann.com\/de\/wp-content\/uploads\/sites\/2\/2024\/06\/kongress-schwaebisch-gmuend.jpg 766w\" sizes=\"auto, (max-width: 300px) 100vw, 300px\" \/><\/a><\/p>\n<p>Vom 30.05.2024 bis zum 01.06.2024 fand der diesj\u00e4hrige Jahreskongress der Deutsch-Spanischen Juristenvereinigung in Schw\u00e4bisch Gm\u00fcnd, der alten Stauferstadt unweit von Stuttgart, statt.<\/p>\n<p>Wiederum eine sehr gelungene Veranstaltung mit knapp 120 Teilnehmern, und zudem ein Jubil\u00e4umskongress anl\u00e4sslich der Gr\u00fcndung der Deutsch-Spanischen Juristenvereinigung im Jahr 1984, vor 40 Jahren.<\/p>\n<p>Schwerpunkt waren zum einen Themen aus dem deutsch-spanischen Wirtschaftrecht, der Gr\u00fcndung von Unternehmen in Spanien und Deutschland mit grenz\u00fcberschreitendem Charakter und zur strafrechtlichen Verantwortung bei M&#038;A-Transaktion und zwischen Konzernunternehmen.<\/p>\n<p>Wie bei vielen Rechtsfragen im deutsch-spanischen Recht wurden bestehende Gemeinsamkeiten auch im internationalen Unternehmensrecht und bei M&#038;A-Transaktionen aufgezeigt. Gleichwohl wurde deutlich, dass es auch unterschiedliche Rechtsregeln sowie Unterschiede in der Praxis gibt, die gerade bei grenz\u00fcberschreitenden Unternehmensgr\u00fcndungen oder Aquistionen von Bedeutung sind.<\/p>\n<p>Dar\u00fcber hinaus wurden Fragen der anwaltlichen Haftung bei Nutzung von K\u00fcnstlicher Intelligenz und den aktuellen Trends und Konzepten der EU-Gesetzgebung zu dieser h\u00f6chst dynamischen und zunehmend an Bedeutung gewinnenden Technologie disktutiert.<\/p>\n<p>Ingesamt f\u00fcr alle am deutsch-spanischen Rechtsverkehr Interessierte eine sehr lohnende Veranstaltung mit einem kulinarisch und kulturell angesprechenden Beiprogramm in der sch\u00f6nen und geschichtstr\u00e4chtigen Stauferstadt Schw\u00e4bisch Gm\u00fcnd.<\/p>\n","protected":false},"excerpt":{"rendered":"<p>Vom 30.05.2024 bis zum 01.06.2024 fand der diesj\u00e4hrige Jahreskongress der Deutsch-Spanischen Juristenvereinigung in Schw\u00e4bisch Gm\u00fcnd, der alten Stauferstadt unweit von Stuttgart, statt. Wiederum eine sehr gelungene Veranstaltung mit knapp 120 Teilnehmern, und zudem ein Jubil\u00e4umskongress anl\u00e4sslich der Gr\u00fcndung der Deutsch-Spanischen Juristenvereinigung im Jahr 1984, vor 40 Jahren. Schwerpunkt waren zum einen Themen aus dem deutsch-spanischen [&hellip;]<\/p>\n","protected":false},"author":2,"featured_media":0,"comment_status":"open","ping_status":"open","sticky":false,"template":"","format":"standard","meta":{"_acf_changed":false,"footnotes":""},"categories":[1],"tags":[],"class_list":["post-795","post","type-post","status-publish","format-standard","hentry","category-allgemein"],"acf":[],"aioseo_notices":[],"_links":{"self":[{"href":"https:\/\/www.dr-idelmann.com\/de\/wp-json\/wp\/v2\/posts\/795","targetHints":{"allow":["GET"]}}],"collection":[{"href":"https:\/\/www.dr-idelmann.com\/de\/wp-json\/wp\/v2\/posts"}],"about":[{"href":"https:\/\/www.dr-idelmann.com\/de\/wp-json\/wp\/v2\/types\/post"}],"author":[{"embeddable":true,"href":"https:\/\/www.dr-idelmann.com\/de\/wp-json\/wp\/v2\/users\/2"}],"replies":[{"embeddable":true,"href":"https:\/\/www.dr-idelmann.com\/de\/wp-json\/wp\/v2\/comments?post=795"}],"version-history":[{"count":5,"href":"https:\/\/www.dr-idelmann.com\/de\/wp-json\/wp\/v2\/posts\/795\/revisions"}],"predecessor-version":[{"id":800,"href":"https:\/\/www.dr-idelmann.com\/de\/wp-json\/wp\/v2\/posts\/795\/revisions\/800"}],"wp:attachment":[{"href":"https:\/\/www.dr-idelmann.com\/de\/wp-json\/wp\/v2\/media?parent=795"}],"wp:term":[{"taxonomy":"category","embeddable":true,"href":"https:\/\/www.dr-idelmann.com\/de\/wp-json\/wp\/v2\/categories?post=795"},{"taxonomy":"post_tag","embeddable":true,"href":"https:\/\/www.dr-idelmann.com\/de\/wp-json\/wp\/v2\/tags?post=795"}],"curies":[{"name":"wp","href":"https:\/\/api.w.org\/{rel}","templated":true}]}}