{"id":732,"date":"2023-07-20T11:43:58","date_gmt":"2023-07-20T09:43:58","guid":{"rendered":"https:\/\/www.dr-idelmann.com\/de\/?p=732"},"modified":"2023-07-20T11:43:58","modified_gmt":"2023-07-20T09:43:58","slug":"mallorca-immobilien-zukuenftig-ohne-belastung-mit-erbschafts-und-schenkungssteuern","status":"publish","type":"post","link":"https:\/\/www.dr-idelmann.com\/de\/mallorca-immobilien-zukuenftig-ohne-belastung-mit-erbschafts-und-schenkungssteuern\/","title":{"rendered":"Mallorca-Immobilien zuk\u00fcnftig ohne Belastung mit Erbschafts- und Schenkungssteuern"},"content":{"rendered":"<p><a href=\"https:\/\/www.dr-idelmann.com\/de\/wp-content\/uploads\/sites\/2\/2023\/07\/baleares-eliminacion-de-impuestos-entre-padres-y-hijos.jpg\"><img loading=\"lazy\" decoding=\"async\" src=\"https:\/\/www.dr-idelmann.com\/de\/wp-content\/uploads\/sites\/2\/2023\/07\/baleares-eliminacion-de-impuestos-entre-padres-y-hijos-300x160.jpg\" alt=\"\" width=\"300\" height=\"160\" class=\"alignnone size-medium wp-image-733\" srcset=\"https:\/\/www.dr-idelmann.com\/de\/wp-content\/uploads\/sites\/2\/2023\/07\/baleares-eliminacion-de-impuestos-entre-padres-y-hijos-300x160.jpg 300w, https:\/\/www.dr-idelmann.com\/de\/wp-content\/uploads\/sites\/2\/2023\/07\/baleares-eliminacion-de-impuestos-entre-padres-y-hijos-1024x547.jpg 1024w, https:\/\/www.dr-idelmann.com\/de\/wp-content\/uploads\/sites\/2\/2023\/07\/baleares-eliminacion-de-impuestos-entre-padres-y-hijos-768x410.jpg 768w, https:\/\/www.dr-idelmann.com\/de\/wp-content\/uploads\/sites\/2\/2023\/07\/baleares-eliminacion-de-impuestos-entre-padres-y-hijos.jpg 1200w\" sizes=\"auto, (max-width: 300px) 100vw, 300px\" \/><\/a><\/p>\n<p>Die neue Regionalregierung beschlie\u00dft Abschafftung von Erbschafts- und Schenkungssteuer auf Mallorca und den anderen Balearen-Inseln.<\/p>\n<p>Die Regionalregierung der Balearen l\u00f6st ein Wahlversprechen ein. Mit Verabschiedung eines entsprechenden Dekrets (Decreto Ley 4\/ 2023 de 18 de Julio) werden verschiedene Steuern eleminiert und reduziert, was inbesondere Familien entlasten soll. <\/p>\n<p>Im Hinblick auf die <strong>Erbschafts- und Schenkungsteuer profitieren aber auch deutsche\/ ausl\u00e4ndische Immobilieneigent\u00fcmer<\/strong> von der Neuregelung.<\/p>\n<p>Die neue Regionalpr\u00e4sidentin der Balearen Margalida Prohens von der konservativen Partido Popular (PP) pr\u00e4sentierte die Details der Neuregelungen am 18. Juli 2023 \u00f6ffentlichkeitswirksam im Beisein vieler Pressevertreter. <\/p>\n<p>Bereits in der kommenden Woche soll das Gesetzespaket im Regionalparlament der Balearen mit den Stimmen der PP und der rechtskonservativen VOX-Partei verabschiedet werden, und somit in Kraft treten.<\/p>\n<p>Die steuerlichen Neuregelungen betreffen im Kern das <strong>Erbschafts- und Schenkungsrecht<\/strong> sowie die Besteuerung des Erwerbs von Immobilien, die als Erstwohnsitz genutzt werden. <\/p>\n<p>Zuk\u00fcnftig sind Erbschaften und Schenkungen unter Familienmitgliedern &#8211; Eltern, Kinder, Enkel und Ehegatten &#8211; steuerfrei. Diese Regelung gilt unabh\u00e4ngig davon, ob es sich um Spanier oder Ausl\u00e4nder\/ No-Residentes handelt.<\/p>\n<p>Mit dieser Neuregelegung vollzieht die Regionalregierung der Balearen einen radikalen Richtungswechsel. <\/p>\n<p>Denn bisher, insbesondere seit dem 1. Januar 2022, wurden Erbschaften und Schenkungen auf den Balearen, verglichen zum Beispiel mit Regionen Andalusien und Madrid, besonders hoch besteuert. <\/p>\n<p>Das hatte in der Praxis auch dazu gef\u00fchrt, dass Schenkungen von Immobilien auf Mallorca und den anderen Balearen-Inseln kaum noch vorgenommen wurden.<\/p>\n<p>Auch der Erwerb von Immobilien wird teilweise steuerlich erleichtert.<\/p>\n<p>Dabei m\u00fcssen die K\u00e4ufer allerdings j\u00fcnger als 36 Jahre sein und der Kaufpreis der Immobilie darf 270.151,20 EUR nicht \u00fcbersteigen. Zudem muss die gekaufte Immobilie als Erstwohnsitz dienen.<\/p>\n<p>Ausl\u00e4nder, die auf Mallorca zumeist Ferienimmobilien erwerben, d\u00fcrften von dieser Regelung somit regelm\u00e4\u00dfig nicht profitieren. Diese Neuregelung soll aber auch, so sagt es expressis verbis das Dekret, junge Familien beg\u00fcnstigen, die Wohneigentum bilden wollen.<\/p>\n<p>Insgesamt ist das neue Steuergesetz der Balearen auch f\u00fcr Ausl\u00e4nder relevant und positiv. Denn die vielen ausl\u00e4ndischen Immobilienbesitzer und deren Erben profitieren von dieser Regelung. <\/p>\n<p>Auch die aus steuerlichen Gr\u00fcnden oftmals vorgenommenen Schenkungen von Mallorca-Immobilien werden damit auch f\u00fcr Ausl\u00e4nder wieder eine attraktive Option. Dies auch vor dem Hintergrund, dass sich die neuen Regelungen zur <strong>\u00dcbertragung von Immobilieneigentum auf die n\u00e4chste Generation<\/strong> in der Zukunft wieder zum Nachteil der Steuerpflichtigen ver\u00e4ndern k\u00f6nnen.<\/p>\n<p>Die aktuelle Gesetzesnovelle zeigt, dass die Ver\u00e4nderung der politischen Verh\u00e4ltnisse schnell zu Ver\u00e4nderungen der Steuerlasten f\u00fchren k\u00f6nnen; es \u00f6ffnet sich hier m\u00f6glicherweise nur ein kurzes Zeitfenster, das f\u00fcr Schenkungen an die &#8217;n\u00e4chste Generation&#8216; genutzt werden kann.<\/p>\n<p>Die anhaltend hohe Staatsverschuldung Spaniens d\u00fcrfte Anreize f\u00fcr die Politik aufrechterhalten, immer wieder nach Einnahmem\u00f6glichkeiten &#8211; neuen Steuern &#8211; Ausschau zu halten.<\/p>\n","protected":false},"excerpt":{"rendered":"<p>Die neue Regionalregierung beschlie\u00dft Abschafftung von Erbschafts- und Schenkungssteuer auf Mallorca und den anderen Balearen-Inseln. Die Regionalregierung der Balearen l\u00f6st ein Wahlversprechen ein. Mit Verabschiedung eines entsprechenden Dekrets (Decreto Ley 4\/ 2023 de 18 de Julio) werden verschiedene Steuern eleminiert und reduziert, was inbesondere Familien entlasten soll. Im Hinblick auf die Erbschafts- und Schenkungsteuer profitieren [&hellip;]<\/p>\n","protected":false},"author":2,"featured_media":0,"comment_status":"open","ping_status":"open","sticky":false,"template":"","format":"standard","meta":{"_acf_changed":false,"footnotes":""},"categories":[1],"tags":[],"class_list":["post-732","post","type-post","status-publish","format-standard","hentry","category-allgemein"],"acf":[],"aioseo_notices":[],"_links":{"self":[{"href":"https:\/\/www.dr-idelmann.com\/de\/wp-json\/wp\/v2\/posts\/732","targetHints":{"allow":["GET"]}}],"collection":[{"href":"https:\/\/www.dr-idelmann.com\/de\/wp-json\/wp\/v2\/posts"}],"about":[{"href":"https:\/\/www.dr-idelmann.com\/de\/wp-json\/wp\/v2\/types\/post"}],"author":[{"embeddable":true,"href":"https:\/\/www.dr-idelmann.com\/de\/wp-json\/wp\/v2\/users\/2"}],"replies":[{"embeddable":true,"href":"https:\/\/www.dr-idelmann.com\/de\/wp-json\/wp\/v2\/comments?post=732"}],"version-history":[{"count":3,"href":"https:\/\/www.dr-idelmann.com\/de\/wp-json\/wp\/v2\/posts\/732\/revisions"}],"predecessor-version":[{"id":737,"href":"https:\/\/www.dr-idelmann.com\/de\/wp-json\/wp\/v2\/posts\/732\/revisions\/737"}],"wp:attachment":[{"href":"https:\/\/www.dr-idelmann.com\/de\/wp-json\/wp\/v2\/media?parent=732"}],"wp:term":[{"taxonomy":"category","embeddable":true,"href":"https:\/\/www.dr-idelmann.com\/de\/wp-json\/wp\/v2\/categories?post=732"},{"taxonomy":"post_tag","embeddable":true,"href":"https:\/\/www.dr-idelmann.com\/de\/wp-json\/wp\/v2\/tags?post=732"}],"curies":[{"name":"wp","href":"https:\/\/api.w.org\/{rel}","templated":true}]}}